{"id":2812,"date":"2024-03-05T15:50:21","date_gmt":"2024-03-05T14:50:21","guid":{"rendered":"https:\/\/pallotynisandomierz.pl\/?p=2812"},"modified":"2024-03-05T15:54:15","modified_gmt":"2024-03-05T14:54:15","slug":"2812","status":"publish","type":"post","link":"https:\/\/pallotynisandomierz.pl\/index.php\/2024\/03\/05\/2812\/","title":{"rendered":"KATECHEZY UZUPE\u0141NIAJ\u0104CE DLA M\u0141ODZIE\u017bY"},"content":{"rendered":"\t\t<div data-elementor-type=\"wp-post\" data-elementor-id=\"2812\" class=\"elementor elementor-2812\">\n\t\t\t\t\t\t<section class=\"elementor-section elementor-top-section elementor-element elementor-element-889a622 elementor-section-boxed elementor-section-height-default elementor-section-height-default\" data-id=\"889a622\" data-element_type=\"section\">\n\t\t\t\t\t\t<div class=\"elementor-container elementor-column-gap-default\">\n\t\t\t\t\t<div class=\"elementor-column elementor-col-100 elementor-top-column elementor-element elementor-element-a01290f\" data-id=\"a01290f\" data-element_type=\"column\">\n\t\t\t<div class=\"elementor-widget-wrap\">\n\t\t\t\t\t\t\t<\/div>\n\t\t<\/div>\n\t\t\t\t\t<\/div>\n\t\t<\/section>\n\t\t\t\t<section class=\"elementor-section elementor-top-section elementor-element elementor-element-a59b00e elementor-section-boxed elementor-section-height-default elementor-section-height-default\" data-id=\"a59b00e\" data-element_type=\"section\">\n\t\t\t\t\t\t<div class=\"elementor-container elementor-column-gap-default\">\n\t\t\t\t\t<div class=\"elementor-column elementor-col-50 elementor-top-column elementor-element elementor-element-00b75d2\" data-id=\"00b75d2\" data-element_type=\"column\">\n\t\t\t<div class=\"elementor-widget-wrap elementor-element-populated\">\n\t\t\t\t\t\t<div class=\"elementor-element elementor-element-f741d94 elementor-widget elementor-widget-image\" data-id=\"f741d94\" data-element_type=\"widget\" data-widget_type=\"image.default\">\n\t\t\t\t<div class=\"elementor-widget-container\">\n\t\t\t\t\t\t\t\t\t\t\t\t\t<img fetchpriority=\"high\" decoding=\"async\" width=\"624\" height=\"400\" src=\"https:\/\/pallotynisandomierz.pl\/wp-content\/uploads\/2024\/03\/1698135564.jpg\" class=\"attachment-large size-large wp-image-2815\" alt=\"\" srcset=\"https:\/\/pallotynisandomierz.pl\/wp-content\/uploads\/2024\/03\/1698135564.jpg 624w, https:\/\/pallotynisandomierz.pl\/wp-content\/uploads\/2024\/03\/1698135564-300x192.jpg 300w, https:\/\/pallotynisandomierz.pl\/wp-content\/uploads\/2024\/03\/1698135564-600x385.jpg 600w\" sizes=\"(max-width: 624px) 100vw, 624px\" \/>\t\t\t\t\t\t\t\t\t\t\t\t\t<\/div>\n\t\t\t\t<\/div>\n\t\t\t\t\t<\/div>\n\t\t<\/div>\n\t\t\t\t<div class=\"elementor-column elementor-col-50 elementor-top-column elementor-element elementor-element-503c9a7\" data-id=\"503c9a7\" data-element_type=\"column\">\n\t\t\t<div class=\"elementor-widget-wrap elementor-element-populated\">\n\t\t\t\t\t\t<div class=\"elementor-element elementor-element-3c3c21c elementor-widget__width-initial elementor-widget elementor-widget-text-editor\" data-id=\"3c3c21c\" data-element_type=\"widget\" data-widget_type=\"text-editor.default\">\n\t\t\t\t<div class=\"elementor-widget-container\">\n\t\t\t\t\t\t\t<p style=\"text-align: left;\"><strong>\u201eWierz\u0119 w Ciebie Bo\u017ce \u017cywy\u201d<\/strong><\/p>\n<p>Od drugiego semestru tego roku szkolnego zaczynaj\u0105 si\u0119 katechezy uzupe\u0142niaj\u0105ce dla m\u0142odzie\u017cy pt. \u201eWierz\u0119 w Ciebie Bo\u017ce \u017cywy\u201d.\u00a0<\/p>\t\t\t\t\t\t<\/div>\n\t\t\t\t<\/div>\n\t\t\t\t\t<\/div>\n\t\t<\/div>\n\t\t\t\t\t<\/div>\n\t\t<\/section>\n\t\t\t\t<section class=\"elementor-section elementor-top-section elementor-element elementor-element-95cef98 elementor-section-boxed elementor-section-height-default elementor-section-height-default\" data-id=\"95cef98\" data-element_type=\"section\">\n\t\t\t\t\t\t<div class=\"elementor-container elementor-column-gap-default\">\n\t\t\t\t\t<div class=\"elementor-column elementor-col-100 elementor-top-column elementor-element elementor-element-f5d75dc\" data-id=\"f5d75dc\" data-element_type=\"column\">\n\t\t\t<div class=\"elementor-widget-wrap elementor-element-populated\">\n\t\t\t\t\t\t<div class=\"elementor-element elementor-element-8b97538 elementor-widget elementor-widget-text-editor\" data-id=\"8b97538\" data-element_type=\"widget\" data-widget_type=\"text-editor.default\">\n\t\t\t\t<div class=\"elementor-widget-container\">\n\t\t\t\t\t\t\t<p>Katechezy odbywaj\u0105 si\u0119 w dwie soboty miesi\u0105ca (2 i 4 sobota miesi\u0105ca) w parafii \u015bw. J\u00f3zefa w Sandomierzu o godz. 11:00. Pierwsza katecheza na temat: \u201eDlaczego mo\u017cemy wierzy\u0107\u201d odb\u0119dzie si\u0119 9 marca br. o godz. 11:00 w parafii \u015bw. J\u00f3zefa w Sandomierzu. Serdecznie zapraszamy m\u0142odzie\u017c do uczestnictwa.<\/p>\t\t\t\t\t\t<\/div>\n\t\t\t\t<\/div>\n\t\t\t\t\t<\/div>\n\t\t<\/div>\n\t\t\t\t\t<\/div>\n\t\t<\/section>\n\t\t\t\t<section class=\"elementor-section elementor-top-section elementor-element elementor-element-5321b7bc elementor-section-boxed elementor-section-height-default elementor-section-height-default\" data-id=\"5321b7bc\" data-element_type=\"section\">\n\t\t\t\t\t\t<div class=\"elementor-container elementor-column-gap-default\">\n\t\t\t\t\t<div class=\"elementor-column elementor-col-100 elementor-top-column elementor-element elementor-element-e69f212\" data-id=\"e69f212\" data-element_type=\"column\">\n\t\t\t<div class=\"elementor-widget-wrap elementor-element-populated\">\n\t\t\t\t\t\t<div class=\"elementor-element elementor-element-54b33667 elementor-widget elementor-widget-text-editor\" data-id=\"54b33667\" data-element_type=\"widget\" data-widget_type=\"text-editor.default\">\n\t\t\t\t<div class=\"elementor-widget-container\">\n\t\t\t\t\t\t\t<!-- wp:image {\"id\":2813,\"sizeSlug\":\"large\",\"linkDestination\":\"none\"} -->\n<figure class=\"wp-block-image size-large\"><img decoding=\"async\" width=\"724\" height=\"1024\" src=\"https:\/\/pallotynisandomierz.pl\/wp-content\/uploads\/2024\/03\/Cykl-30-katechez_page-0001-724x1024.jpg\" alt=\"\" class=\"wp-image-2813\" srcset=\"https:\/\/pallotynisandomierz.pl\/wp-content\/uploads\/2024\/03\/Cykl-30-katechez_page-0001-724x1024.jpg 724w, https:\/\/pallotynisandomierz.pl\/wp-content\/uploads\/2024\/03\/Cykl-30-katechez_page-0001-212x300.jpg 212w, https:\/\/pallotynisandomierz.pl\/wp-content\/uploads\/2024\/03\/Cykl-30-katechez_page-0001-768x1086.jpg 768w, https:\/\/pallotynisandomierz.pl\/wp-content\/uploads\/2024\/03\/Cykl-30-katechez_page-0001-1086x1536.jpg 1086w, https:\/\/pallotynisandomierz.pl\/wp-content\/uploads\/2024\/03\/Cykl-30-katechez_page-0001-1140x1613.jpg 1140w, https:\/\/pallotynisandomierz.pl\/wp-content\/uploads\/2024\/03\/Cykl-30-katechez_page-0001-600x849.jpg 600w, https:\/\/pallotynisandomierz.pl\/wp-content\/uploads\/2024\/03\/Cykl-30-katechez_page-0001.jpg 1240w\" sizes=\"(max-width: 724px) 100vw, 724px\" \/><\/figure>\n<!-- \/wp:image -->\n\n<!-- wp:image {\"id\":2814,\"sizeSlug\":\"large\",\"linkDestination\":\"none\"} -->\n<figure class=\"wp-block-image size-large\"><img decoding=\"async\" width=\"724\" height=\"1024\" src=\"https:\/\/pallotynisandomierz.pl\/wp-content\/uploads\/2024\/03\/Cykl-30-katechez_page-0002-724x1024.jpg\" alt=\"\" class=\"wp-image-2814\" srcset=\"https:\/\/pallotynisandomierz.pl\/wp-content\/uploads\/2024\/03\/Cykl-30-katechez_page-0002-724x1024.jpg 724w, https:\/\/pallotynisandomierz.pl\/wp-content\/uploads\/2024\/03\/Cykl-30-katechez_page-0002-212x300.jpg 212w, https:\/\/pallotynisandomierz.pl\/wp-content\/uploads\/2024\/03\/Cykl-30-katechez_page-0002-768x1086.jpg 768w, https:\/\/pallotynisandomierz.pl\/wp-content\/uploads\/2024\/03\/Cykl-30-katechez_page-0002-1086x1536.jpg 1086w, https:\/\/pallotynisandomierz.pl\/wp-content\/uploads\/2024\/03\/Cykl-30-katechez_page-0002-1140x1613.jpg 1140w, https:\/\/pallotynisandomierz.pl\/wp-content\/uploads\/2024\/03\/Cykl-30-katechez_page-0002-600x849.jpg 600w, https:\/\/pallotynisandomierz.pl\/wp-content\/uploads\/2024\/03\/Cykl-30-katechez_page-0002.jpg 1240w\" sizes=\"(max-width: 724px) 100vw, 724px\" \/><\/figure>\n<!-- \/wp:image -->\t\t\t\t\t\t<\/div>\n\t\t\t\t<\/div>\n\t\t\t\t\t<\/div>\n\t\t<\/div>\n\t\t\t\t\t<\/div>\n\t\t<\/section>\n\t\t\t\t<\/div>\n\t\t","protected":false},"excerpt":{"rendered":"<p>\u201eWierz\u0119 w Ciebie Bo\u017ce \u017cywy\u201d Od drugiego semestru tego roku szkolnego zaczynaj\u0105 si\u0119 katechezy uzupe\u0142niaj\u0105ce dla m\u0142odzie\u017cy pt. \u201eWierz\u0119 w Ciebie Bo\u017ce \u017cywy\u201d.\u00a0 Katechezy odbywaj\u0105 si\u0119 w dwie soboty miesi\u0105ca (2 i 4 sobota miesi\u0105ca) w parafii \u015bw. J\u00f3zefa w Sandomierzu o godz. 11:00. Pierwsza katecheza na temat: \u201eDlaczego mo\u017cemy wierzy\u0107\u201d odb\u0119dzie si\u0119 9 marca br. o godz. 11:00 w parafii \u015bw. J\u00f3zefa w Sandomierzu. Serdecznie zapraszamy m\u0142odzie\u017c do uczestnictwa.<\/p>\n","protected":false},"author":1,"featured_media":2815,"comment_status":"closed","ping_status":"closed","sticky":false,"template":"","format":"standard","meta":{"_eb_attr":"","ngg_post_thumbnail":0,"footnotes":""},"categories":[1],"tags":[],"_links":{"self":[{"href":"https:\/\/pallotynisandomierz.pl\/index.php\/wp-json\/wp\/v2\/posts\/2812"}],"collection":[{"href":"https:\/\/pallotynisandomierz.pl\/index.php\/wp-json\/wp\/v2\/posts"}],"about":[{"href":"https:\/\/pallotynisandomierz.pl\/index.php\/wp-json\/wp\/v2\/types\/post"}],"author":[{"embeddable":true,"href":"https:\/\/pallotynisandomierz.pl\/index.php\/wp-json\/wp\/v2\/users\/1"}],"replies":[{"embeddable":true,"href":"https:\/\/pallotynisandomierz.pl\/index.php\/wp-json\/wp\/v2\/comments?post=2812"}],"version-history":[{"count":4,"href":"https:\/\/pallotynisandomierz.pl\/index.php\/wp-json\/wp\/v2\/posts\/2812\/revisions"}],"predecessor-version":[{"id":2819,"href":"https:\/\/pallotynisandomierz.pl\/index.php\/wp-json\/wp\/v2\/posts\/2812\/revisions\/2819"}],"wp:featuredmedia":[{"embeddable":true,"href":"https:\/\/pallotynisandomierz.pl\/index.php\/wp-json\/wp\/v2\/media\/2815"}],"wp:attachment":[{"href":"https:\/\/pallotynisandomierz.pl\/index.php\/wp-json\/wp\/v2\/media?parent=2812"}],"wp:term":[{"taxonomy":"category","embeddable":true,"href":"https:\/\/pallotynisandomierz.pl\/index.php\/wp-json\/wp\/v2\/categories?post=2812"},{"taxonomy":"post_tag","embeddable":true,"href":"https:\/\/pallotynisandomierz.pl\/index.php\/wp-json\/wp\/v2\/tags?post=2812"}],"curies":[{"name":"wp","href":"https:\/\/api.w.org\/{rel}","templated":true}]}}