{"id":3905,"date":"2024-05-08T12:28:56","date_gmt":"2024-05-08T10:28:56","guid":{"rendered":"https:\/\/pallotynisandomierz.pl\/?p=3905"},"modified":"2024-05-08T12:32:08","modified_gmt":"2024-05-08T10:32:08","slug":"msza-prymicyjna-ks-pawla-strojewskiego-sac","status":"publish","type":"post","link":"https:\/\/pallotynisandomierz.pl\/index.php\/2024\/05\/08\/msza-prymicyjna-ks-pawla-strojewskiego-sac\/","title":{"rendered":"MSZA PRYMICYJNA KS. PAW\u0141A STROJEWSKIEGO SAC"},"content":{"rendered":"\t\t<div data-elementor-type=\"wp-post\" data-elementor-id=\"3905\" class=\"elementor elementor-3905\">\n\t\t\t\t\t\t<section class=\"elementor-section elementor-top-section elementor-element elementor-element-a74c228 elementor-section-boxed elementor-section-height-default elementor-section-height-default\" data-id=\"a74c228\" data-element_type=\"section\">\n\t\t\t\t\t\t<div class=\"elementor-container elementor-column-gap-default\">\n\t\t\t\t\t<div class=\"elementor-column elementor-col-50 elementor-top-column elementor-element elementor-element-2f52122\" data-id=\"2f52122\" data-element_type=\"column\">\n\t\t\t<div class=\"elementor-widget-wrap elementor-element-populated\">\n\t\t\t\t\t\t<div class=\"elementor-element elementor-element-8f70f9b elementor-widget elementor-widget-image\" data-id=\"8f70f9b\" data-element_type=\"widget\" data-widget_type=\"image.default\">\n\t\t\t\t<div class=\"elementor-widget-container\">\n\t\t\t\t\t\t\t\t\t\t\t\t\t<img fetchpriority=\"high\" decoding=\"async\" width=\"960\" height=\"640\" src=\"https:\/\/pallotynisandomierz.pl\/wp-content\/uploads\/2024\/05\/441084125_846734257480127_2425187068203396919_n.jpg\" class=\"attachment-large size-large wp-image-3907\" alt=\"\" srcset=\"https:\/\/pallotynisandomierz.pl\/wp-content\/uploads\/2024\/05\/441084125_846734257480127_2425187068203396919_n.jpg 960w, https:\/\/pallotynisandomierz.pl\/wp-content\/uploads\/2024\/05\/441084125_846734257480127_2425187068203396919_n-300x200.jpg 300w, https:\/\/pallotynisandomierz.pl\/wp-content\/uploads\/2024\/05\/441084125_846734257480127_2425187068203396919_n-768x512.jpg 768w, https:\/\/pallotynisandomierz.pl\/wp-content\/uploads\/2024\/05\/441084125_846734257480127_2425187068203396919_n-600x400.jpg 600w\" sizes=\"(max-width: 960px) 100vw, 960px\" \/>\t\t\t\t\t\t\t\t\t\t\t\t\t<\/div>\n\t\t\t\t<\/div>\n\t\t\t\t\t<\/div>\n\t\t<\/div>\n\t\t\t\t<div class=\"elementor-column elementor-col-50 elementor-top-column elementor-element elementor-element-2055503\" data-id=\"2055503\" data-element_type=\"column\">\n\t\t\t<div class=\"elementor-widget-wrap elementor-element-populated\">\n\t\t\t\t\t\t<div class=\"elementor-element elementor-element-860dfd8 elementor-widget elementor-widget-text-editor\" data-id=\"860dfd8\" data-element_type=\"widget\" data-widget_type=\"text-editor.default\">\n\t\t\t\t<div class=\"elementor-widget-container\">\n\t\t\t\t\t\t\t<p>5 maja br. w WSD w O\u0142tarzewie o godz. 11:00 dk. Pawe\u0142 Strojewski przyj\u0105\u0142 \u015bwi\u0119cenia kap\u0142a\u0144skie.<\/p>\t\t\t\t\t\t<\/div>\n\t\t\t\t<\/div>\n\t\t\t\t\t<\/div>\n\t\t<\/div>\n\t\t\t\t\t<\/div>\n\t\t<\/section>\n\t\t\t\t<section class=\"elementor-section elementor-top-section elementor-element elementor-element-222f383 elementor-section-boxed elementor-section-height-default elementor-section-height-default\" data-id=\"222f383\" data-element_type=\"section\">\n\t\t\t\t\t\t<div class=\"elementor-container elementor-column-gap-default\">\n\t\t\t\t\t<div class=\"elementor-column elementor-col-100 elementor-top-column elementor-element elementor-element-a160ac7\" data-id=\"a160ac7\" data-element_type=\"column\">\n\t\t\t<div class=\"elementor-widget-wrap elementor-element-populated\">\n\t\t\t\t\t\t<div class=\"elementor-element elementor-element-629ea75 elementor-widget elementor-widget-text-editor\" data-id=\"629ea75\" data-element_type=\"widget\" data-widget_type=\"text-editor.default\">\n\t\t\t\t<div class=\"elementor-widget-container\">\n\t\t\t\t\t\t\t<p>Serdecznie zapraszamy wszystkich parafian na uroczyst\u0105 Msz\u0119 prymicyjn\u0105, kt\u00f3ra odb\u0119dzie si\u0119 12 maja o godz. 12:30 w naszym ko\u015bciele.<\/p>\t\t\t\t\t\t<\/div>\n\t\t\t\t<\/div>\n\t\t\t\t\t<\/div>\n\t\t<\/div>\n\t\t\t\t\t<\/div>\n\t\t<\/section>\n\t\t\t\t<section class=\"elementor-section elementor-top-section elementor-element elementor-element-7df3e1e elementor-section-boxed elementor-section-height-default elementor-section-height-default\" data-id=\"7df3e1e\" data-element_type=\"section\">\n\t\t\t\t\t\t<div class=\"elementor-container elementor-column-gap-default\">\n\t\t\t\t\t<div class=\"elementor-column elementor-col-100 elementor-top-column elementor-element elementor-element-98ee1e3\" data-id=\"98ee1e3\" data-element_type=\"column\">\n\t\t\t<div class=\"elementor-widget-wrap elementor-element-populated\">\n\t\t\t\t\t\t<div class=\"elementor-element elementor-element-37df286 elementor-widget elementor-widget-image\" data-id=\"37df286\" data-element_type=\"widget\" data-widget_type=\"image.default\">\n\t\t\t\t<div class=\"elementor-widget-container\">\n\t\t\t\t\t\t\t\t\t\t\t\t\t<img decoding=\"async\" width=\"512\" height=\"640\" src=\"https:\/\/pallotynisandomierz.pl\/wp-content\/uploads\/2024\/05\/440351830_7851821684868653_760448159582415116_n.jpg\" class=\"attachment-large size-large wp-image-3908\" alt=\"\" srcset=\"https:\/\/pallotynisandomierz.pl\/wp-content\/uploads\/2024\/05\/440351830_7851821684868653_760448159582415116_n.jpg 512w, https:\/\/pallotynisandomierz.pl\/wp-content\/uploads\/2024\/05\/440351830_7851821684868653_760448159582415116_n-240x300.jpg 240w\" sizes=\"(max-width: 512px) 100vw, 512px\" \/>\t\t\t\t\t\t\t\t\t\t\t\t\t<\/div>\n\t\t\t\t<\/div>\n\t\t\t\t\t<\/div>\n\t\t<\/div>\n\t\t\t\t\t<\/div>\n\t\t<\/section>\n\t\t\t\t<\/div>\n\t\t","protected":false},"excerpt":{"rendered":"<p>5 maja br. w WSD w O\u0142tarzewie o godz. 11:00 dk. Pawe\u0142 Strojewski przyj\u0105\u0142 \u015bwi\u0119cenia kap\u0142a\u0144skie. Serdecznie zapraszamy wszystkich parafian na uroczyst\u0105 Msz\u0119 prymicyjn\u0105, kt\u00f3ra odb\u0119dzie si\u0119 12 maja o godz. 12:30 w naszym ko\u015bciele.<\/p>\n","protected":false},"author":1,"featured_media":3907,"comment_status":"closed","ping_status":"closed","sticky":false,"template":"","format":"standard","meta":{"_eb_attr":"","ngg_post_thumbnail":0,"footnotes":""},"categories":[1],"tags":[],"_links":{"self":[{"href":"https:\/\/pallotynisandomierz.pl\/index.php\/wp-json\/wp\/v2\/posts\/3905"}],"collection":[{"href":"https:\/\/pallotynisandomierz.pl\/index.php\/wp-json\/wp\/v2\/posts"}],"about":[{"href":"https:\/\/pallotynisandomierz.pl\/index.php\/wp-json\/wp\/v2\/types\/post"}],"author":[{"embeddable":true,"href":"https:\/\/pallotynisandomierz.pl\/index.php\/wp-json\/wp\/v2\/users\/1"}],"replies":[{"embeddable":true,"href":"https:\/\/pallotynisandomierz.pl\/index.php\/wp-json\/wp\/v2\/comments?post=3905"}],"version-history":[{"count":4,"href":"https:\/\/pallotynisandomierz.pl\/index.php\/wp-json\/wp\/v2\/posts\/3905\/revisions"}],"predecessor-version":[{"id":3911,"href":"https:\/\/pallotynisandomierz.pl\/index.php\/wp-json\/wp\/v2\/posts\/3905\/revisions\/3911"}],"wp:featuredmedia":[{"embeddable":true,"href":"https:\/\/pallotynisandomierz.pl\/index.php\/wp-json\/wp\/v2\/media\/3907"}],"wp:attachment":[{"href":"https:\/\/pallotynisandomierz.pl\/index.php\/wp-json\/wp\/v2\/media?parent=3905"}],"wp:term":[{"taxonomy":"category","embeddable":true,"href":"https:\/\/pallotynisandomierz.pl\/index.php\/wp-json\/wp\/v2\/categories?post=3905"},{"taxonomy":"post_tag","embeddable":true,"href":"https:\/\/pallotynisandomierz.pl\/index.php\/wp-json\/wp\/v2\/tags?post=3905"}],"curies":[{"name":"wp","href":"https:\/\/api.w.org\/{rel}","templated":true}]}}