{"id":3912,"date":"2024-05-08T12:37:07","date_gmt":"2024-05-08T10:37:07","guid":{"rendered":"https:\/\/pallotynisandomierz.pl\/?p=3912"},"modified":"2024-05-08T12:38:55","modified_gmt":"2024-05-08T10:38:55","slug":"spotkanie-dla-kandydatow-do-bierzmowania","status":"publish","type":"post","link":"https:\/\/pallotynisandomierz.pl\/index.php\/2024\/05\/08\/spotkanie-dla-kandydatow-do-bierzmowania\/","title":{"rendered":"SPOTKANIE DLA KANDYDAT\u00d3W DO BIERZMOWANIA"},"content":{"rendered":"\t\t<div data-elementor-type=\"wp-post\" data-elementor-id=\"3912\" class=\"elementor elementor-3912\">\n\t\t\t\t\t\t<section class=\"elementor-section elementor-top-section elementor-element elementor-element-7a44aec elementor-section-boxed elementor-section-height-default elementor-section-height-default\" data-id=\"7a44aec\" data-element_type=\"section\">\n\t\t\t\t\t\t<div class=\"elementor-container elementor-column-gap-default\">\n\t\t\t\t\t<div class=\"elementor-column elementor-col-50 elementor-top-column elementor-element elementor-element-6207cf6\" data-id=\"6207cf6\" data-element_type=\"column\">\n\t\t\t<div class=\"elementor-widget-wrap elementor-element-populated\">\n\t\t\t\t\t\t<div class=\"elementor-element elementor-element-9cd70dc elementor-widget elementor-widget-image\" data-id=\"9cd70dc\" data-element_type=\"widget\" data-widget_type=\"image.default\">\n\t\t\t\t<div class=\"elementor-widget-container\">\n\t\t\t\t\t\t\t\t\t\t\t\t\t<img fetchpriority=\"high\" decoding=\"async\" width=\"960\" height=\"960\" src=\"https:\/\/pallotynisandomierz.pl\/wp-content\/uploads\/2023\/09\/bierzmowanie-1024x1024.jpg\" class=\"attachment-large size-large wp-image-2485\" alt=\"\" srcset=\"https:\/\/pallotynisandomierz.pl\/wp-content\/uploads\/2023\/09\/bierzmowanie-1024x1024.jpg 1024w, https:\/\/pallotynisandomierz.pl\/wp-content\/uploads\/2023\/09\/bierzmowanie-300x300.jpg 300w, https:\/\/pallotynisandomierz.pl\/wp-content\/uploads\/2023\/09\/bierzmowanie-100x100.jpg 100w, https:\/\/pallotynisandomierz.pl\/wp-content\/uploads\/2023\/09\/bierzmowanie-600x600.jpg 600w, https:\/\/pallotynisandomierz.pl\/wp-content\/uploads\/2023\/09\/bierzmowanie-150x150.jpg 150w, https:\/\/pallotynisandomierz.pl\/wp-content\/uploads\/2023\/09\/bierzmowanie-768x768.jpg 768w, https:\/\/pallotynisandomierz.pl\/wp-content\/uploads\/2023\/09\/bierzmowanie-1140x1140.jpg 1140w, https:\/\/pallotynisandomierz.pl\/wp-content\/uploads\/2023\/09\/bierzmowanie-75x75.jpg 75w, https:\/\/pallotynisandomierz.pl\/wp-content\/uploads\/2023\/09\/bierzmowanie.jpg 1147w\" sizes=\"(max-width: 960px) 100vw, 960px\" \/>\t\t\t\t\t\t\t\t\t\t\t\t\t<\/div>\n\t\t\t\t<\/div>\n\t\t\t\t\t<\/div>\n\t\t<\/div>\n\t\t\t\t<div class=\"elementor-column elementor-col-50 elementor-top-column elementor-element elementor-element-1cac126\" data-id=\"1cac126\" data-element_type=\"column\">\n\t\t\t<div class=\"elementor-widget-wrap elementor-element-populated\">\n\t\t\t\t\t\t<div class=\"elementor-element elementor-element-5fedb2c elementor-widget elementor-widget-text-editor\" data-id=\"5fedb2c\" data-element_type=\"widget\" data-widget_type=\"text-editor.default\">\n\t\t\t\t<div class=\"elementor-widget-container\">\n\t\t\t\t\t\t\t<p>W pi\u0105tek 10 maja br. o godzinie 18:30 w sali na plebanii spotkanie dla kandydat\u00f3w do bierzmowania z 7 klasy szko\u0142y podstawowej.<\/p>\t\t\t\t\t\t<\/div>\n\t\t\t\t<\/div>\n\t\t\t\t\t<\/div>\n\t\t<\/div>\n\t\t\t\t\t<\/div>\n\t\t<\/section>\n\t\t\t\t<\/div>\n\t\t","protected":false},"excerpt":{"rendered":"<p>W pi\u0105tek 10 maja br. o godzinie 18:30 w sali na plebanii spotkanie dla kandydat\u00f3w do bierzmowania z 7 klasy szko\u0142y podstawowej.<\/p>\n","protected":false},"author":1,"featured_media":2485,"comment_status":"closed","ping_status":"closed","sticky":false,"template":"","format":"standard","meta":{"_eb_attr":"","ngg_post_thumbnail":0,"footnotes":""},"categories":[1],"tags":[],"_links":{"self":[{"href":"https:\/\/pallotynisandomierz.pl\/index.php\/wp-json\/wp\/v2\/posts\/3912"}],"collection":[{"href":"https:\/\/pallotynisandomierz.pl\/index.php\/wp-json\/wp\/v2\/posts"}],"about":[{"href":"https:\/\/pallotynisandomierz.pl\/index.php\/wp-json\/wp\/v2\/types\/post"}],"author":[{"embeddable":true,"href":"https:\/\/pallotynisandomierz.pl\/index.php\/wp-json\/wp\/v2\/users\/1"}],"replies":[{"embeddable":true,"href":"https:\/\/pallotynisandomierz.pl\/index.php\/wp-json\/wp\/v2\/comments?post=3912"}],"version-history":[{"count":4,"href":"https:\/\/pallotynisandomierz.pl\/index.php\/wp-json\/wp\/v2\/posts\/3912\/revisions"}],"predecessor-version":[{"id":3916,"href":"https:\/\/pallotynisandomierz.pl\/index.php\/wp-json\/wp\/v2\/posts\/3912\/revisions\/3916"}],"wp:featuredmedia":[{"embeddable":true,"href":"https:\/\/pallotynisandomierz.pl\/index.php\/wp-json\/wp\/v2\/media\/2485"}],"wp:attachment":[{"href":"https:\/\/pallotynisandomierz.pl\/index.php\/wp-json\/wp\/v2\/media?parent=3912"}],"wp:term":[{"taxonomy":"category","embeddable":true,"href":"https:\/\/pallotynisandomierz.pl\/index.php\/wp-json\/wp\/v2\/categories?post=3912"},{"taxonomy":"post_tag","embeddable":true,"href":"https:\/\/pallotynisandomierz.pl\/index.php\/wp-json\/wp\/v2\/tags?post=3912"}],"curies":[{"name":"wp","href":"https:\/\/api.w.org\/{rel}","templated":true}]}}