{"id":3988,"date":"2024-06-26T11:10:00","date_gmt":"2024-06-26T09:10:00","guid":{"rendered":"https:\/\/pallotynisandomierz.pl\/?p=3988"},"modified":"2024-05-28T11:12:53","modified_gmt":"2024-05-28T09:12:53","slug":"pierwsza-niedziela-miesiaca-3","status":"publish","type":"post","link":"https:\/\/pallotynisandomierz.pl\/index.php\/2024\/06\/26\/pierwsza-niedziela-miesiaca-3\/","title":{"rendered":"PIERWSZA NIEDZIELA MIESI\u0104CA"},"content":{"rendered":"\t\t<div data-elementor-type=\"wp-post\" data-elementor-id=\"3988\" class=\"elementor elementor-3988\">\n\t\t\t\t\t\t<section class=\"elementor-section elementor-top-section elementor-element elementor-element-f547972 elementor-section-boxed elementor-section-height-default elementor-section-height-default\" data-id=\"f547972\" data-element_type=\"section\">\n\t\t\t\t\t\t<div class=\"elementor-container elementor-column-gap-default\">\n\t\t\t\t\t<div class=\"elementor-column elementor-col-50 elementor-top-column elementor-element elementor-element-023155a\" data-id=\"023155a\" data-element_type=\"column\">\n\t\t\t<div class=\"elementor-widget-wrap elementor-element-populated\">\n\t\t\t\t\t\t<div class=\"elementor-element elementor-element-812208a elementor-widget elementor-widget-image\" data-id=\"812208a\" data-element_type=\"widget\" data-widget_type=\"image.default\">\n\t\t\t\t<div class=\"elementor-widget-container\">\n\t\t\t\t\t\t\t\t\t\t\t\t\t<img fetchpriority=\"high\" decoding=\"async\" width=\"800\" height=\"666\" src=\"https:\/\/pallotynisandomierz.pl\/wp-content\/uploads\/2024\/06\/Nowy-projekt-9.jpg\" class=\"attachment-large size-large wp-image-3990\" alt=\"\" srcset=\"https:\/\/pallotynisandomierz.pl\/wp-content\/uploads\/2024\/06\/Nowy-projekt-9.jpg 800w, https:\/\/pallotynisandomierz.pl\/wp-content\/uploads\/2024\/06\/Nowy-projekt-9-300x250.jpg 300w, https:\/\/pallotynisandomierz.pl\/wp-content\/uploads\/2024\/06\/Nowy-projekt-9-768x639.jpg 768w, https:\/\/pallotynisandomierz.pl\/wp-content\/uploads\/2024\/06\/Nowy-projekt-9-600x500.jpg 600w\" sizes=\"(max-width: 800px) 100vw, 800px\" \/>\t\t\t\t\t\t\t\t\t\t\t\t\t<\/div>\n\t\t\t\t<\/div>\n\t\t\t\t\t<\/div>\n\t\t<\/div>\n\t\t\t\t<div class=\"elementor-column elementor-col-50 elementor-top-column elementor-element elementor-element-e0182a8\" data-id=\"e0182a8\" data-element_type=\"column\">\n\t\t\t<div class=\"elementor-widget-wrap elementor-element-populated\">\n\t\t\t\t\t\t<div class=\"elementor-element elementor-element-c2e4124 elementor-widget elementor-widget-text-editor\" data-id=\"c2e4124\" data-element_type=\"widget\" data-widget_type=\"text-editor.default\">\n\t\t\t\t<div class=\"elementor-widget-container\">\n\t\t\t\t\t\t\t<p>7 lipca b\u0119dzie pierwsza niedziela miesi\u0105ca, czyli adoracyjna.<\/p>\t\t\t\t\t\t<\/div>\n\t\t\t\t<\/div>\n\t\t\t\t\t<\/div>\n\t\t<\/div>\n\t\t\t\t\t<\/div>\n\t\t<\/section>\n\t\t\t\t<section class=\"elementor-section elementor-top-section elementor-element elementor-element-996897b elementor-section-boxed elementor-section-height-default elementor-section-height-default\" data-id=\"996897b\" data-element_type=\"section\">\n\t\t\t\t\t\t<div class=\"elementor-container elementor-column-gap-default\">\n\t\t\t\t\t<div class=\"elementor-column elementor-col-100 elementor-top-column elementor-element elementor-element-7c69eec\" data-id=\"7c69eec\" data-element_type=\"column\">\n\t\t\t<div class=\"elementor-widget-wrap elementor-element-populated\">\n\t\t\t\t\t\t<div class=\"elementor-element elementor-element-b5ccba3 elementor-widget elementor-widget-text-editor\" data-id=\"b5ccba3\" data-element_type=\"widget\" data-widget_type=\"text-editor.default\">\n\t\t\t\t<div class=\"elementor-widget-container\">\n\t\t\t\t\t\t\t<ul><li>Zmiana tajemnic dla K\u00f3\u0142 \u017bywego R\u00f3\u017ca\u0144ca po Mszy \u015awi\u0119tej o godz. 11:00.<\/li><li>Taca na kostk\u0119 wok\u00f3\u0142 ko\u015bcio\u0142a.<\/li><\/ul>\t\t\t\t\t\t<\/div>\n\t\t\t\t<\/div>\n\t\t\t\t\t<\/div>\n\t\t<\/div>\n\t\t\t\t\t<\/div>\n\t\t<\/section>\n\t\t\t\t<\/div>\n\t\t","protected":false},"excerpt":{"rendered":"<p>7 lipca b\u0119dzie pierwsza niedziela miesi\u0105ca, czyli adoracyjna. Zmiana tajemnic dla K\u00f3\u0142 \u017bywego R\u00f3\u017ca\u0144ca po Mszy \u015awi\u0119tej o godz. 11:00. Taca na kostk\u0119 wok\u00f3\u0142 ko\u015bcio\u0142a.<\/p>\n","protected":false},"author":1,"featured_media":3990,"comment_status":"closed","ping_status":"closed","sticky":false,"template":"","format":"standard","meta":{"_eb_attr":"","ngg_post_thumbnail":0,"footnotes":""},"categories":[1],"tags":[],"_links":{"self":[{"href":"https:\/\/pallotynisandomierz.pl\/index.php\/wp-json\/wp\/v2\/posts\/3988"}],"collection":[{"href":"https:\/\/pallotynisandomierz.pl\/index.php\/wp-json\/wp\/v2\/posts"}],"about":[{"href":"https:\/\/pallotynisandomierz.pl\/index.php\/wp-json\/wp\/v2\/types\/post"}],"author":[{"embeddable":true,"href":"https:\/\/pallotynisandomierz.pl\/index.php\/wp-json\/wp\/v2\/users\/1"}],"replies":[{"embeddable":true,"href":"https:\/\/pallotynisandomierz.pl\/index.php\/wp-json\/wp\/v2\/comments?post=3988"}],"version-history":[{"count":4,"href":"https:\/\/pallotynisandomierz.pl\/index.php\/wp-json\/wp\/v2\/posts\/3988\/revisions"}],"predecessor-version":[{"id":3993,"href":"https:\/\/pallotynisandomierz.pl\/index.php\/wp-json\/wp\/v2\/posts\/3988\/revisions\/3993"}],"wp:featuredmedia":[{"embeddable":true,"href":"https:\/\/pallotynisandomierz.pl\/index.php\/wp-json\/wp\/v2\/media\/3990"}],"wp:attachment":[{"href":"https:\/\/pallotynisandomierz.pl\/index.php\/wp-json\/wp\/v2\/media?parent=3988"}],"wp:term":[{"taxonomy":"category","embeddable":true,"href":"https:\/\/pallotynisandomierz.pl\/index.php\/wp-json\/wp\/v2\/categories?post=3988"},{"taxonomy":"post_tag","embeddable":true,"href":"https:\/\/pallotynisandomierz.pl\/index.php\/wp-json\/wp\/v2\/tags?post=3988"}],"curies":[{"name":"wp","href":"https:\/\/api.w.org\/{rel}","templated":true}]}}