{"id":4626,"date":"2024-10-09T15:32:24","date_gmt":"2024-10-09T13:32:24","guid":{"rendered":"https:\/\/pallotynisandomierz.pl\/?p=4626"},"modified":"2024-10-09T15:38:49","modified_gmt":"2024-10-09T13:38:49","slug":"wypominki-za-zmarlych","status":"publish","type":"post","link":"https:\/\/pallotynisandomierz.pl\/index.php\/2024\/10\/09\/wypominki-za-zmarlych\/","title":{"rendered":"WYPOMINKI ZA ZMAR\u0141YCH"},"content":{"rendered":"\t\t<div data-elementor-type=\"wp-post\" data-elementor-id=\"4626\" class=\"elementor elementor-4626\">\n\t\t\t\t\t\t<section class=\"elementor-section elementor-top-section elementor-element elementor-element-f877be6 elementor-section-boxed elementor-section-height-default elementor-section-height-default\" data-id=\"f877be6\" data-element_type=\"section\">\n\t\t\t\t\t\t<div class=\"elementor-container elementor-column-gap-default\">\n\t\t\t\t\t<div class=\"elementor-column elementor-col-50 elementor-top-column elementor-element elementor-element-2b61bda\" data-id=\"2b61bda\" data-element_type=\"column\">\n\t\t\t<div class=\"elementor-widget-wrap elementor-element-populated\">\n\t\t\t\t\t\t<div class=\"elementor-element elementor-element-e790b45 elementor-widget elementor-widget-image\" data-id=\"e790b45\" data-element_type=\"widget\" data-widget_type=\"image.default\">\n\t\t\t\t<div class=\"elementor-widget-container\">\n\t\t\t\t\t\t\t\t\t\t\t\t\t<img fetchpriority=\"high\" decoding=\"async\" width=\"960\" height=\"489\" src=\"https:\/\/pallotynisandomierz.pl\/wp-content\/uploads\/2024\/10\/IMG_0039.jpeg\" class=\"attachment-large size-large wp-image-4628\" alt=\"\" srcset=\"https:\/\/pallotynisandomierz.pl\/wp-content\/uploads\/2024\/10\/IMG_0039.jpeg 1000w, https:\/\/pallotynisandomierz.pl\/wp-content\/uploads\/2024\/10\/IMG_0039-300x153.jpeg 300w, https:\/\/pallotynisandomierz.pl\/wp-content\/uploads\/2024\/10\/IMG_0039-768x391.jpeg 768w, https:\/\/pallotynisandomierz.pl\/wp-content\/uploads\/2024\/10\/IMG_0039-600x305.jpeg 600w\" sizes=\"(max-width: 960px) 100vw, 960px\" \/>\t\t\t\t\t\t\t\t\t\t\t\t\t<\/div>\n\t\t\t\t<\/div>\n\t\t\t\t\t<\/div>\n\t\t<\/div>\n\t\t\t\t<div class=\"elementor-column elementor-col-50 elementor-top-column elementor-element elementor-element-0bb0e47\" data-id=\"0bb0e47\" data-element_type=\"column\">\n\t\t\t<div class=\"elementor-widget-wrap elementor-element-populated\">\n\t\t\t\t\t\t<div class=\"elementor-element elementor-element-0f24212 elementor-widget elementor-widget-text-editor\" data-id=\"0f24212\" data-element_type=\"widget\" data-widget_type=\"text-editor.default\">\n\t\t\t\t<div class=\"elementor-widget-container\">\n\t\t\t\t\t\t\t<p>Wypominki za zmar\u0142ych<\/p>\t\t\t\t\t\t<\/div>\n\t\t\t\t<\/div>\n\t\t\t\t\t<\/div>\n\t\t<\/div>\n\t\t\t\t\t<\/div>\n\t\t<\/section>\n\t\t\t\t<section class=\"elementor-section elementor-top-section elementor-element elementor-element-684a60c elementor-section-boxed elementor-section-height-default elementor-section-height-default\" data-id=\"684a60c\" data-element_type=\"section\">\n\t\t\t\t\t\t<div class=\"elementor-container elementor-column-gap-default\">\n\t\t\t\t\t<div class=\"elementor-column elementor-col-100 elementor-top-column elementor-element elementor-element-79228d6\" data-id=\"79228d6\" data-element_type=\"column\">\n\t\t\t<div class=\"elementor-widget-wrap elementor-element-populated\">\n\t\t\t\t\t\t<div class=\"elementor-element elementor-element-256a0f0 elementor-widget elementor-widget-text-editor\" data-id=\"256a0f0\" data-element_type=\"widget\" data-widget_type=\"text-editor.default\">\n\t\t\t\t<div class=\"elementor-widget-container\">\n\t\t\t\t\t\t\t<p>W ko\u015bciele s\u0105 wy\u0142o\u017cone kartki na wypominki.<\/p><p>Za zmar\u0142ych podanych na kartkach przez ca\u0142y listopad w naszych ko\u015bcio\u0142ach palloty\u0144skich codziennie b\u0119d\u0105 odprawione dwadzie\u015bcia cztery Msze \u015awi\u0119te.Na ka\u017cdej kartce s\u0105 podane cztery mo\u017cliwo\u015bci modlitwy wypominkowej:<\/p><ul><li>roczna,<\/li><li>listopadowa,<\/li><li>1 listopada<\/li><li>2 listopada.<\/li><\/ul><p><strong>Roczna<\/strong> \u2013 za tych zmar\u0142ych b\u0119dziemy modli\u0107 si\u0119 przez ca\u0142y rok w niedziel\u0119 przed Msz\u0105 o godzinie 7:30 b\u0105d\u017a 11:00, wyczytuj\u0105c zmar\u0142ych.<\/p><p><br \/><strong>Listopadowe<\/strong> \u2013 codziennie za tych zmar\u0142ych b\u0119dziemy si\u0119 modli\u0107 w tygodniu odmawiaj\u0105c r\u00f3\u017caniec za nich.<\/p><p><strong> 1 i 2 listopada<\/strong> b\u0119dziemy si\u0119 modli\u0107 wyczytuj\u0105c zmar\u0142ych i odmawiaj\u0105c za nich R\u00f3\u017caniec.<\/p><p><strong>Z g\u00f3ry dzi\u0119kujemy za ofiary z\u0142o\u017cone przy okazji sk\u0142adanie wypomink\u00f3w, pragniemy je w ca\u0142o\u015bci przeznaczy\u0107 na nasz ko\u015bci\u00f3\u0142.<\/strong><\/p>\t\t\t\t\t\t<\/div>\n\t\t\t\t<\/div>\n\t\t\t\t\t<\/div>\n\t\t<\/div>\n\t\t\t\t\t<\/div>\n\t\t<\/section>\n\t\t\t\t<\/div>\n\t\t","protected":false},"excerpt":{"rendered":"<p>Wypominki za zmar\u0142ych W ko\u015bciele s\u0105 wy\u0142o\u017cone kartki na wypominki. Za zmar\u0142ych podanych na kartkach przez ca\u0142y listopad w naszych ko\u015bcio\u0142ach palloty\u0144skich codziennie b\u0119d\u0105 odprawione dwadzie\u015bcia cztery Msze \u015awi\u0119te.Na ka\u017cdej kartce s\u0105 podane cztery mo\u017cliwo\u015bci modlitwy wypominkowej: roczna, listopadowa, 1 listopada 2 listopada. Roczna \u2013 za tych zmar\u0142ych b\u0119dziemy modli\u0107 si\u0119 przez ca\u0142y rok w niedziel\u0119 przed Msz\u0105 o godzinie 7:30 b\u0105d\u017a 11:00, wyczytuj\u0105c zmar\u0142ych. Listopadowe \u2013 codziennie za tych zmar\u0142ych b\u0119dziemy si\u0119 modli\u0107 w tygodniu odmawiaj\u0105c r\u00f3\u017caniec za nich. 1 i 2 listopada b\u0119dziemy si\u0119 modli\u0107 wyczytuj\u0105c zmar\u0142ych i odmawiaj\u0105c za nich R\u00f3\u017caniec. Z g\u00f3ry dzi\u0119kujemy za ofiary z\u0142o\u017cone przy okazji sk\u0142adanie wypomink\u00f3w, pragniemy je w ca\u0142o\u015bci przeznaczy\u0107 na nasz ko\u015bci\u00f3\u0142.<\/p>\n","protected":false},"author":1,"featured_media":4628,"comment_status":"closed","ping_status":"closed","sticky":false,"template":"","format":"standard","meta":{"_eb_attr":"","ngg_post_thumbnail":0,"footnotes":""},"categories":[1],"tags":[],"_links":{"self":[{"href":"https:\/\/pallotynisandomierz.pl\/index.php\/wp-json\/wp\/v2\/posts\/4626"}],"collection":[{"href":"https:\/\/pallotynisandomierz.pl\/index.php\/wp-json\/wp\/v2\/posts"}],"about":[{"href":"https:\/\/pallotynisandomierz.pl\/index.php\/wp-json\/wp\/v2\/types\/post"}],"author":[{"embeddable":true,"href":"https:\/\/pallotynisandomierz.pl\/index.php\/wp-json\/wp\/v2\/users\/1"}],"replies":[{"embeddable":true,"href":"https:\/\/pallotynisandomierz.pl\/index.php\/wp-json\/wp\/v2\/comments?post=4626"}],"version-history":[{"count":4,"href":"https:\/\/pallotynisandomierz.pl\/index.php\/wp-json\/wp\/v2\/posts\/4626\/revisions"}],"predecessor-version":[{"id":4631,"href":"https:\/\/pallotynisandomierz.pl\/index.php\/wp-json\/wp\/v2\/posts\/4626\/revisions\/4631"}],"wp:featuredmedia":[{"embeddable":true,"href":"https:\/\/pallotynisandomierz.pl\/index.php\/wp-json\/wp\/v2\/media\/4628"}],"wp:attachment":[{"href":"https:\/\/pallotynisandomierz.pl\/index.php\/wp-json\/wp\/v2\/media?parent=4626"}],"wp:term":[{"taxonomy":"category","embeddable":true,"href":"https:\/\/pallotynisandomierz.pl\/index.php\/wp-json\/wp\/v2\/categories?post=4626"},{"taxonomy":"post_tag","embeddable":true,"href":"https:\/\/pallotynisandomierz.pl\/index.php\/wp-json\/wp\/v2\/tags?post=4626"}],"curies":[{"name":"wp","href":"https:\/\/api.w.org\/{rel}","templated":true}]}}