{"id":5081,"date":"2025-03-17T09:40:39","date_gmt":"2025-03-17T08:40:39","guid":{"rendered":"https:\/\/pallotynisandomierz.pl\/?p=5081"},"modified":"2025-03-17T10:04:25","modified_gmt":"2025-03-17T09:04:25","slug":"blogoslawienstwo-ceremoniarzy","status":"publish","type":"post","link":"https:\/\/pallotynisandomierz.pl\/index.php\/2025\/03\/17\/blogoslawienstwo-ceremoniarzy\/","title":{"rendered":"B\u0141OGOS\u0141AWIE\u0143STWO CEREMONIARZY"},"content":{"rendered":"\t\t<div data-elementor-type=\"wp-post\" data-elementor-id=\"5081\" class=\"elementor elementor-5081\">\n\t\t\t\t\t\t<section class=\"elementor-section elementor-top-section elementor-element elementor-element-e0d70d5 elementor-section-boxed elementor-section-height-default elementor-section-height-default\" data-id=\"e0d70d5\" data-element_type=\"section\">\n\t\t\t\t\t\t<div class=\"elementor-container elementor-column-gap-default\">\n\t\t\t\t\t<div class=\"elementor-column elementor-col-50 elementor-top-column elementor-element elementor-element-bc0e8f0\" data-id=\"bc0e8f0\" data-element_type=\"column\">\n\t\t\t<div class=\"elementor-widget-wrap elementor-element-populated\">\n\t\t\t\t\t\t<div class=\"elementor-element elementor-element-180bbb8 elementor-widget elementor-widget-image\" data-id=\"180bbb8\" data-element_type=\"widget\" data-widget_type=\"image.default\">\n\t\t\t\t<div class=\"elementor-widget-container\">\n\t\t\t\t\t\t\t\t\t\t\t\t\t<img fetchpriority=\"high\" decoding=\"async\" width=\"473\" height=\"1024\" src=\"https:\/\/pallotynisandomierz.pl\/wp-content\/uploads\/2025\/03\/20250308_120713-1-473x1024.jpg\" class=\"attachment-large size-large wp-image-5085\" alt=\"\" srcset=\"https:\/\/pallotynisandomierz.pl\/wp-content\/uploads\/2025\/03\/20250308_120713-1-473x1024.jpg 473w, https:\/\/pallotynisandomierz.pl\/wp-content\/uploads\/2025\/03\/20250308_120713-1-139x300.jpg 139w, https:\/\/pallotynisandomierz.pl\/wp-content\/uploads\/2025\/03\/20250308_120713-1-768x1662.jpg 768w, https:\/\/pallotynisandomierz.pl\/wp-content\/uploads\/2025\/03\/20250308_120713-1-710x1536.jpg 710w, https:\/\/pallotynisandomierz.pl\/wp-content\/uploads\/2025\/03\/20250308_120713-1-946x2048.jpg 946w, https:\/\/pallotynisandomierz.pl\/wp-content\/uploads\/2025\/03\/20250308_120713-1-1140x2468.jpg 1140w, https:\/\/pallotynisandomierz.pl\/wp-content\/uploads\/2025\/03\/20250308_120713-1-600x1299.jpg 600w, https:\/\/pallotynisandomierz.pl\/wp-content\/uploads\/2025\/03\/20250308_120713-1-scaled.jpg 1183w\" sizes=\"(max-width: 473px) 100vw, 473px\" \/>\t\t\t\t\t\t\t\t\t\t\t\t\t<\/div>\n\t\t\t\t<\/div>\n\t\t\t\t\t<\/div>\n\t\t<\/div>\n\t\t\t\t<div class=\"elementor-column elementor-col-50 elementor-top-column elementor-element elementor-element-a7edf7e\" data-id=\"a7edf7e\" data-element_type=\"column\">\n\t\t\t<div class=\"elementor-widget-wrap elementor-element-populated\">\n\t\t\t\t\t\t<div class=\"elementor-element elementor-element-024e011 elementor-widget elementor-widget-text-editor\" data-id=\"024e011\" data-element_type=\"widget\" data-widget_type=\"text-editor.default\">\n\t\t\t\t<div class=\"elementor-widget-container\">\n\t\t\t\t\t\t\t<p>Dnia 8 marca w Bazylice katedralnej w Sandomierzu w przeddzie\u0144 liturgicznego wspomnienia patrona ministrant\u00f3w i lektor\u00f3w \u2013 \u015bw. Dominika Savio, odby\u0142o si\u0119 b\u0142ogos\u0142awie\u0144stwo Ceremoniarzy\u00a0 i Animator\u00f3w diecezji Sandomierskiej. Wydarzenie to mia\u0142o miejsce podczas sprawowanej Mszy \u015awi\u0119tej pod przewodnictwem biskupa sandomierskiego Krzysztofa Nitkiewicza, kt\u00f3r\u0105 koncelebrowali ksi\u0119\u017ca opiekuj\u0105cy si\u0119 ministrantami w swoich parafiach.<\/p>\t\t\t\t\t\t<\/div>\n\t\t\t\t<\/div>\n\t\t\t\t\t<\/div>\n\t\t<\/div>\n\t\t\t\t\t<\/div>\n\t\t<\/section>\n\t\t\t\t<section class=\"elementor-section elementor-top-section elementor-element elementor-element-65e21d5 elementor-section-boxed elementor-section-height-default elementor-section-height-default\" data-id=\"65e21d5\" data-element_type=\"section\">\n\t\t\t\t\t\t<div class=\"elementor-container elementor-column-gap-default\">\n\t\t\t\t\t<div class=\"elementor-column elementor-col-100 elementor-top-column elementor-element elementor-element-8620425\" data-id=\"8620425\" data-element_type=\"column\">\n\t\t\t<div class=\"elementor-widget-wrap elementor-element-populated\">\n\t\t\t\t\t\t<div class=\"elementor-element elementor-element-f741d50 elementor-widget elementor-widget-text-editor\" data-id=\"f741d50\" data-element_type=\"widget\" data-widget_type=\"text-editor.default\">\n\t\t\t\t<div class=\"elementor-widget-container\">\n\t\t\t\t\t\t\t<p>Podczas uroczystej Eucharystii ksi\u0105dz biskup ustanowi\u0142 dw\u00f3ch lektor\u00f3w z naszej parafii nowymi ceremoniarzami, s\u0105 to: Jan \u015aliwi\u0144ski i Krzysztof Ka\u0142don. Dzisiejsze wydarzenie poprzedzona by\u0142a seri\u0105 spotka\u0144, kt\u00f3re od pa\u017adziernika odbywa\u0142y si\u0119 w Wy\u017cszym Seminarium Duchownym w Sandomierzu, podczas kt\u00f3rych przyszli ceremoniarze zdobywali praktyczn\u0105 wiedz\u0119 przygotowuj\u0105c\u0105 ich do pe\u0142nienia nowych funkcji.<\/p><p>\u00a0\u00a0\u00a0\u00a0\u00a0\u00a0\u00a0\u00a0\u00a0\u00a0\u00a0\u00a0\u00a0\u00a0\u00a0 Ceremoniarz czuwa nad prawid\u0142owym zorganizowaniem i przebiegiem liturgii, jak i wykonaniem wszelkich ceremonii liturgicznych. W czasie liturgii pozostaje w pobli\u017cu celebransa, jednocze\u015bnie daj\u0105c odpowiednie znaki i polecenia (komendy) pozosta\u0142ym us\u0142uguj\u0105cym, by spe\u0142nili w danym momencie przeznaczone im funkcje.<\/p>\t\t\t\t\t\t<\/div>\n\t\t\t\t<\/div>\n\t\t\t\t\t<\/div>\n\t\t<\/div>\n\t\t\t\t\t<\/div>\n\t\t<\/section>\n\t\t\t\t<section class=\"elementor-section elementor-top-section elementor-element elementor-element-59d2022 elementor-section-boxed elementor-section-height-default elementor-section-height-default\" data-id=\"59d2022\" data-element_type=\"section\">\n\t\t\t\t\t\t<div class=\"elementor-container elementor-column-gap-default\">\n\t\t\t\t\t<div class=\"elementor-column elementor-col-50 elementor-top-column elementor-element elementor-element-d80525d\" data-id=\"d80525d\" data-element_type=\"column\">\n\t\t\t<div class=\"elementor-widget-wrap elementor-element-populated\">\n\t\t\t\t\t\t<div class=\"elementor-element elementor-element-03fae18 elementor-widget elementor-widget-image\" data-id=\"03fae18\" data-element_type=\"widget\" data-widget_type=\"image.default\">\n\t\t\t\t<div class=\"elementor-widget-container\">\n\t\t\t\t\t\t\t\t\t\t\t\t\t\t<a href=\"https:\/\/pallotynisandomierz.pl\/wp-content\/uploads\/2025\/03\/480981293_1023792122982460_6910757314545750139_n.jpg\" data-elementor-open-lightbox=\"yes\" data-elementor-lightbox-title=\"480981293_1023792122982460_6910757314545750139_n\" data-e-action-hash=\"#elementor-action%3Aaction%3Dlightbox%26settings%3DeyJpZCI6NTA4NCwidXJsIjoiaHR0cHM6XC9cL3BhbGxvdHluaXNhbmRvbWllcnoucGxcL3dwLWNvbnRlbnRcL3VwbG9hZHNcLzIwMjVcLzAzXC80ODA5ODEyOTNfMTAyMzc5MjEyMjk4MjQ2MF82OTEwNzU3MzE0NTQ1NzUwMTM5X24uanBnIn0%3D\">\n\t\t\t\t\t\t\t<img decoding=\"async\" width=\"960\" height=\"640\" src=\"https:\/\/pallotynisandomierz.pl\/wp-content\/uploads\/2025\/03\/480981293_1023792122982460_6910757314545750139_n-1024x683.jpg\" class=\"attachment-large size-large wp-image-5084\" alt=\"\" srcset=\"https:\/\/pallotynisandomierz.pl\/wp-content\/uploads\/2025\/03\/480981293_1023792122982460_6910757314545750139_n-1024x683.jpg 1024w, https:\/\/pallotynisandomierz.pl\/wp-content\/uploads\/2025\/03\/480981293_1023792122982460_6910757314545750139_n-300x200.jpg 300w, https:\/\/pallotynisandomierz.pl\/wp-content\/uploads\/2025\/03\/480981293_1023792122982460_6910757314545750139_n-768x512.jpg 768w, https:\/\/pallotynisandomierz.pl\/wp-content\/uploads\/2025\/03\/480981293_1023792122982460_6910757314545750139_n-1536x1024.jpg 1536w, https:\/\/pallotynisandomierz.pl\/wp-content\/uploads\/2025\/03\/480981293_1023792122982460_6910757314545750139_n-1140x760.jpg 1140w, https:\/\/pallotynisandomierz.pl\/wp-content\/uploads\/2025\/03\/480981293_1023792122982460_6910757314545750139_n-600x400.jpg 600w, https:\/\/pallotynisandomierz.pl\/wp-content\/uploads\/2025\/03\/480981293_1023792122982460_6910757314545750139_n.jpg 2048w\" sizes=\"(max-width: 960px) 100vw, 960px\" \/>\t\t\t\t\t\t\t\t<\/a>\n\t\t\t\t\t\t\t\t\t\t\t\t\t<\/div>\n\t\t\t\t<\/div>\n\t\t\t\t\t<\/div>\n\t\t<\/div>\n\t\t\t\t<div class=\"elementor-column elementor-col-50 elementor-top-column elementor-element elementor-element-5b08a0d\" data-id=\"5b08a0d\" data-element_type=\"column\">\n\t\t\t<div class=\"elementor-widget-wrap elementor-element-populated\">\n\t\t\t\t\t\t<div class=\"elementor-element elementor-element-12bac8c elementor-widget elementor-widget-image\" data-id=\"12bac8c\" data-element_type=\"widget\" data-widget_type=\"image.default\">\n\t\t\t\t<div class=\"elementor-widget-container\">\n\t\t\t\t\t\t\t\t\t\t\t\t\t\t<a href=\"https:\/\/pallotynisandomierz.pl\/wp-content\/uploads\/2025\/03\/482252884_1023792066315799_983116938866078970_n.jpg\" data-elementor-open-lightbox=\"yes\" data-elementor-lightbox-title=\"482252884_1023792066315799_983116938866078970_n\" data-e-action-hash=\"#elementor-action%3Aaction%3Dlightbox%26settings%3DeyJpZCI6NTA4MywidXJsIjoiaHR0cHM6XC9cL3BhbGxvdHluaXNhbmRvbWllcnoucGxcL3dwLWNvbnRlbnRcL3VwbG9hZHNcLzIwMjVcLzAzXC80ODIyNTI4ODRfMTAyMzc5MjA2NjMxNTc5OV85ODMxMTY5Mzg4NjYwNzg5NzBfbi5qcGcifQ%3D%3D\">\n\t\t\t\t\t\t\t<img decoding=\"async\" width=\"960\" height=\"640\" src=\"https:\/\/pallotynisandomierz.pl\/wp-content\/uploads\/2025\/03\/482252884_1023792066315799_983116938866078970_n-1024x683.jpg\" class=\"attachment-large size-large wp-image-5083\" alt=\"\" srcset=\"https:\/\/pallotynisandomierz.pl\/wp-content\/uploads\/2025\/03\/482252884_1023792066315799_983116938866078970_n-1024x683.jpg 1024w, https:\/\/pallotynisandomierz.pl\/wp-content\/uploads\/2025\/03\/482252884_1023792066315799_983116938866078970_n-300x200.jpg 300w, https:\/\/pallotynisandomierz.pl\/wp-content\/uploads\/2025\/03\/482252884_1023792066315799_983116938866078970_n-768x512.jpg 768w, https:\/\/pallotynisandomierz.pl\/wp-content\/uploads\/2025\/03\/482252884_1023792066315799_983116938866078970_n-1536x1024.jpg 1536w, https:\/\/pallotynisandomierz.pl\/wp-content\/uploads\/2025\/03\/482252884_1023792066315799_983116938866078970_n-1140x760.jpg 1140w, https:\/\/pallotynisandomierz.pl\/wp-content\/uploads\/2025\/03\/482252884_1023792066315799_983116938866078970_n-600x400.jpg 600w, https:\/\/pallotynisandomierz.pl\/wp-content\/uploads\/2025\/03\/482252884_1023792066315799_983116938866078970_n.jpg 2048w\" sizes=\"(max-width: 960px) 100vw, 960px\" \/>\t\t\t\t\t\t\t\t<\/a>\n\t\t\t\t\t\t\t\t\t\t\t\t\t<\/div>\n\t\t\t\t<\/div>\n\t\t\t\t\t<\/div>\n\t\t<\/div>\n\t\t\t\t\t<\/div>\n\t\t<\/section>\n\t\t\t\t<section class=\"elementor-section elementor-top-section elementor-element elementor-element-8e51f0b elementor-section-boxed elementor-section-height-default elementor-section-height-default\" data-id=\"8e51f0b\" data-element_type=\"section\">\n\t\t\t\t\t\t<div class=\"elementor-container elementor-column-gap-default\">\n\t\t\t\t\t<div class=\"elementor-column elementor-col-100 elementor-top-column elementor-element elementor-element-9eeae75\" data-id=\"9eeae75\" data-element_type=\"column\">\n\t\t\t<div class=\"elementor-widget-wrap elementor-element-populated\">\n\t\t\t\t\t\t<div class=\"elementor-element elementor-element-33182db elementor-widget elementor-widget-text-editor\" data-id=\"33182db\" data-element_type=\"widget\" data-widget_type=\"text-editor.default\">\n\t\t\t\t<div class=\"elementor-widget-container\">\n\t\t\t\t\t\t\t<p>Gratulujemy Janowi i Krzysztofowi i \u017cyczymy aby ta nowa pos\u0142uga zbli\u017cy\u0142a was do Boga, umacnia\u0142a wasz\u0105 wiar\u0119, dawa\u0142a wam rado\u015b\u0107 i s\u0142u\u017cy\u0142a dobru parafii.<\/p><p>P.S. Je\u015bli pragniesz do\u0142\u0105czy\u0107 do grona ministrant\u00f3w i lektor\u00f3w zapraszamy na zbi\u00f3rki w ka\u017cd\u0105 sobot\u0119 o 10.00 do zakrystii. Bycie ministrantem to g\u0142\u00f3wnie s\u0142u\u017cba przy O\u0142tarzy w czasie Mszy \u015awi\u0119tej, ale nie tylko. B\u0119d\u0105 r\u00f3\u017cnego rodzaju rozgrywki sportowe i wyjazdy. Zapisy mo\u017cliwe po ka\u017cdej Mszy \u015awi\u0119tej w zakrystii.<\/p>\t\t\t\t\t\t<\/div>\n\t\t\t\t<\/div>\n\t\t\t\t\t<\/div>\n\t\t<\/div>\n\t\t\t\t\t<\/div>\n\t\t<\/section>\n\t\t\t\t<\/div>\n\t\t","protected":false},"excerpt":{"rendered":"<p>Dnia 8 marca w Bazylice katedralnej w Sandomierzu w przeddzie\u0144 liturgicznego wspomnienia patrona ministrant\u00f3w i lektor\u00f3w \u2013 \u015bw. Dominika Savio, odby\u0142o si\u0119 b\u0142ogos\u0142awie\u0144stwo Ceremoniarzy\u00a0 i Animator\u00f3w diecezji Sandomierskiej. Wydarzenie to mia\u0142o miejsce podczas sprawowanej Mszy \u015awi\u0119tej pod przewodnictwem biskupa sandomierskiego Krzysztofa Nitkiewicza, kt\u00f3r\u0105 koncelebrowali ksi\u0119\u017ca opiekuj\u0105cy si\u0119 ministrantami w swoich parafiach. Podczas uroczystej Eucharystii ksi\u0105dz biskup ustanowi\u0142 dw\u00f3ch lektor\u00f3w z naszej parafii nowymi ceremoniarzami, s\u0105 to: Jan \u015aliwi\u0144ski i Krzysztof Ka\u0142don. Dzisiejsze wydarzenie poprzedzona by\u0142a seri\u0105 spotka\u0144, kt\u00f3re od pa\u017adziernika odbywa\u0142y si\u0119 w Wy\u017cszym Seminarium Duchownym w Sandomierzu, podczas kt\u00f3rych przyszli ceremoniarze zdobywali praktyczn\u0105 wiedz\u0119 przygotowuj\u0105c\u0105 ich do pe\u0142nienia nowych funkcji. \u00a0\u00a0\u00a0\u00a0\u00a0\u00a0\u00a0\u00a0\u00a0\u00a0\u00a0\u00a0\u00a0\u00a0\u00a0 Ceremoniarz czuwa nad prawid\u0142owym zorganizowaniem i przebiegiem liturgii, jak i wykonaniem wszelkich ceremonii liturgicznych. W czasie liturgii pozostaje w pobli\u017cu celebransa, jednocze\u015bnie daj\u0105c odpowiednie znaki i polecenia (komendy) pozosta\u0142ym us\u0142uguj\u0105cym, by spe\u0142nili w danym momencie przeznaczone im funkcje. Gratulujemy Janowi i Krzysztofowi i \u017cyczymy aby ta nowa pos\u0142uga zbli\u017cy\u0142a was do Boga, umacnia\u0142a wasz\u0105 wiar\u0119, dawa\u0142a wam rado\u015b\u0107 i s\u0142u\u017cy\u0142a dobru parafii. P.S. Je\u015bli pragniesz do\u0142\u0105czy\u0107 do grona ministrant\u00f3w i lektor\u00f3w zapraszamy na zbi\u00f3rki w ka\u017cd\u0105 sobot\u0119 o 10.00 do zakrystii. Bycie ministrantem to g\u0142\u00f3wnie s\u0142u\u017cba przy O\u0142tarzy w czasie Mszy \u015awi\u0119tej, ale nie tylko. B\u0119d\u0105 r\u00f3\u017cnego rodzaju rozgrywki sportowe i wyjazdy. Zapisy mo\u017cliwe po ka\u017cdej Mszy \u015awi\u0119tej w zakrystii.<\/p>\n","protected":false},"author":1,"featured_media":5084,"comment_status":"closed","ping_status":"closed","sticky":false,"template":"","format":"standard","meta":{"_eb_attr":"","ngg_post_thumbnail":0,"footnotes":""},"categories":[1],"tags":[],"_links":{"self":[{"href":"https:\/\/pallotynisandomierz.pl\/index.php\/wp-json\/wp\/v2\/posts\/5081"}],"collection":[{"href":"https:\/\/pallotynisandomierz.pl\/index.php\/wp-json\/wp\/v2\/posts"}],"about":[{"href":"https:\/\/pallotynisandomierz.pl\/index.php\/wp-json\/wp\/v2\/types\/post"}],"author":[{"embeddable":true,"href":"https:\/\/pallotynisandomierz.pl\/index.php\/wp-json\/wp\/v2\/users\/1"}],"replies":[{"embeddable":true,"href":"https:\/\/pallotynisandomierz.pl\/index.php\/wp-json\/wp\/v2\/comments?post=5081"}],"version-history":[{"count":7,"href":"https:\/\/pallotynisandomierz.pl\/index.php\/wp-json\/wp\/v2\/posts\/5081\/revisions"}],"predecessor-version":[{"id":5105,"href":"https:\/\/pallotynisandomierz.pl\/index.php\/wp-json\/wp\/v2\/posts\/5081\/revisions\/5105"}],"wp:featuredmedia":[{"embeddable":true,"href":"https:\/\/pallotynisandomierz.pl\/index.php\/wp-json\/wp\/v2\/media\/5084"}],"wp:attachment":[{"href":"https:\/\/pallotynisandomierz.pl\/index.php\/wp-json\/wp\/v2\/media?parent=5081"}],"wp:term":[{"taxonomy":"category","embeddable":true,"href":"https:\/\/pallotynisandomierz.pl\/index.php\/wp-json\/wp\/v2\/categories?post=5081"},{"taxonomy":"post_tag","embeddable":true,"href":"https:\/\/pallotynisandomierz.pl\/index.php\/wp-json\/wp\/v2\/tags?post=5081"}],"curies":[{"name":"wp","href":"https:\/\/api.w.org\/{rel}","templated":true}]}}