{"id":5920,"date":"2026-03-10T13:07:10","date_gmt":"2026-03-10T12:07:10","guid":{"rendered":"https:\/\/pallotynisandomierz.pl\/?p=5920"},"modified":"2026-03-11T12:43:46","modified_gmt":"2026-03-11T11:43:46","slug":"pielgrzymka-do-sanktuarium-milosierdzia-bozego","status":"publish","type":"post","link":"https:\/\/pallotynisandomierz.pl\/index.php\/2026\/03\/10\/pielgrzymka-do-sanktuarium-milosierdzia-bozego\/","title":{"rendered":"PIELGRZYMKA DO SANKTUARIUM MI\u0141OSIERDZIA BO\u017bEGO"},"content":{"rendered":"\t\t<div data-elementor-type=\"wp-post\" data-elementor-id=\"5920\" class=\"elementor elementor-5920\">\n\t\t\t\t\t\t<section class=\"elementor-section elementor-top-section elementor-element elementor-element-e1976cb elementor-section-boxed elementor-section-height-default elementor-section-height-default\" data-id=\"e1976cb\" data-element_type=\"section\">\n\t\t\t\t\t\t<div class=\"elementor-container elementor-column-gap-default\">\n\t\t\t\t\t<div class=\"elementor-column elementor-col-50 elementor-top-column elementor-element elementor-element-f40909f\" data-id=\"f40909f\" data-element_type=\"column\">\n\t\t\t<div class=\"elementor-widget-wrap elementor-element-populated\">\n\t\t\t\t\t\t<div class=\"elementor-element elementor-element-a443d50 elementor-widget elementor-widget-image\" data-id=\"a443d50\" data-element_type=\"widget\" data-widget_type=\"image.default\">\n\t\t\t\t<div class=\"elementor-widget-container\">\n\t\t\t\t\t\t\t\t\t\t\t\t\t\t<a href=\"https:\/\/pallotynisandomierz.pl\/wp-content\/uploads\/2026\/03\/2026-Swieto-Milosierdzia-plakat-2.jpeg\" data-elementor-open-lightbox=\"yes\" data-elementor-lightbox-title=\"2026-Swieto-Milosierdzia-plakat-2\" data-e-action-hash=\"#elementor-action%3Aaction%3Dlightbox%26settings%3DeyJpZCI6NTkyMiwidXJsIjoiaHR0cHM6XC9cL3BhbGxvdHluaXNhbmRvbWllcnoucGxcL3dwLWNvbnRlbnRcL3VwbG9hZHNcLzIwMjZcLzAzXC8yMDI2LVN3aWV0by1NaWxvc2llcmR6aWEtcGxha2F0LTIuanBlZyJ9\">\n\t\t\t\t\t\t\t<img fetchpriority=\"high\" decoding=\"async\" width=\"463\" height=\"640\" src=\"https:\/\/pallotynisandomierz.pl\/wp-content\/uploads\/2026\/03\/2026-Swieto-Milosierdzia-plakat-2.jpeg\" class=\"attachment-large size-large wp-image-5922\" alt=\"\" srcset=\"https:\/\/pallotynisandomierz.pl\/wp-content\/uploads\/2026\/03\/2026-Swieto-Milosierdzia-plakat-2.jpeg 463w, https:\/\/pallotynisandomierz.pl\/wp-content\/uploads\/2026\/03\/2026-Swieto-Milosierdzia-plakat-2-217x300.jpeg 217w\" sizes=\"(max-width: 463px) 100vw, 463px\" \/>\t\t\t\t\t\t\t\t<\/a>\n\t\t\t\t\t\t\t\t\t\t\t\t\t<\/div>\n\t\t\t\t<\/div>\n\t\t\t\t\t<\/div>\n\t\t<\/div>\n\t\t\t\t<div class=\"elementor-column elementor-col-50 elementor-top-column elementor-element elementor-element-c0030c0\" data-id=\"c0030c0\" data-element_type=\"column\">\n\t\t\t<div class=\"elementor-widget-wrap elementor-element-populated\">\n\t\t\t\t\t\t<div class=\"elementor-element elementor-element-f9b470a elementor-widget elementor-widget-text-editor\" data-id=\"f9b470a\" data-element_type=\"widget\" data-widget_type=\"text-editor.default\">\n\t\t\t\t<div class=\"elementor-widget-container\">\n\t\t\t\t\t\t\t<p style=\"text-align: center;\">Pielgrzymka na Niedziel\u0119 Mi\u0142osierdzia Bo\u017cego do \u0141agiewnik. <\/p><p>Zapraszamy wszystkich na wsp\u00f3lny wyjazd do Sanktuarium Bo\u017cego Mi\u0142osierdzia w \u0141agiewnikach dnia <strong>12 kwietnia.<\/strong> W programie uroczysta Msza \u015awi\u0119ta pod przewodnictwem kard. Grzegorza Rysia, zwiedzanie sanktuarium Jana Paw\u0142a II oraz udzia\u0142 w koronce do Bo\u017cego Mi\u0142osierdzia w bazylice. <strong>Koszt wyjazdu 70 z\u0142. Szczeg\u00f3\u0142y u ks. Sebastiana.<\/strong> Zapisy w kancelarii lub zakrystii.<\/p>\t\t\t\t\t\t<\/div>\n\t\t\t\t<\/div>\n\t\t\t\t\t<\/div>\n\t\t<\/div>\n\t\t\t\t\t<\/div>\n\t\t<\/section>\n\t\t\t\t<\/div>\n\t\t","protected":false},"excerpt":{"rendered":"<p>Pielgrzymka na Niedziel\u0119 Mi\u0142osierdzia Bo\u017cego do \u0141agiewnik. Zapraszamy wszystkich na wsp\u00f3lny wyjazd do Sanktuarium Bo\u017cego Mi\u0142osierdzia w \u0141agiewnikach dnia 12 kwietnia. W programie uroczysta Msza \u015awi\u0119ta pod przewodnictwem kard. Grzegorza Rysia, zwiedzanie sanktuarium Jana Paw\u0142a II oraz udzia\u0142 w koronce do Bo\u017cego Mi\u0142osierdzia w bazylice. Koszt wyjazdu 70 z\u0142. Szczeg\u00f3\u0142y u ks. Sebastiana. Zapisy w kancelarii lub zakrystii.<\/p>\n","protected":false},"author":1,"featured_media":5199,"comment_status":"closed","ping_status":"closed","sticky":false,"template":"","format":"standard","meta":{"_eb_attr":"","ngg_post_thumbnail":0,"footnotes":""},"categories":[1],"tags":[],"_links":{"self":[{"href":"https:\/\/pallotynisandomierz.pl\/index.php\/wp-json\/wp\/v2\/posts\/5920"}],"collection":[{"href":"https:\/\/pallotynisandomierz.pl\/index.php\/wp-json\/wp\/v2\/posts"}],"about":[{"href":"https:\/\/pallotynisandomierz.pl\/index.php\/wp-json\/wp\/v2\/types\/post"}],"author":[{"embeddable":true,"href":"https:\/\/pallotynisandomierz.pl\/index.php\/wp-json\/wp\/v2\/users\/1"}],"replies":[{"embeddable":true,"href":"https:\/\/pallotynisandomierz.pl\/index.php\/wp-json\/wp\/v2\/comments?post=5920"}],"version-history":[{"count":7,"href":"https:\/\/pallotynisandomierz.pl\/index.php\/wp-json\/wp\/v2\/posts\/5920\/revisions"}],"predecessor-version":[{"id":5935,"href":"https:\/\/pallotynisandomierz.pl\/index.php\/wp-json\/wp\/v2\/posts\/5920\/revisions\/5935"}],"wp:featuredmedia":[{"embeddable":true,"href":"https:\/\/pallotynisandomierz.pl\/index.php\/wp-json\/wp\/v2\/media\/5199"}],"wp:attachment":[{"href":"https:\/\/pallotynisandomierz.pl\/index.php\/wp-json\/wp\/v2\/media?parent=5920"}],"wp:term":[{"taxonomy":"category","embeddable":true,"href":"https:\/\/pallotynisandomierz.pl\/index.php\/wp-json\/wp\/v2\/categories?post=5920"},{"taxonomy":"post_tag","embeddable":true,"href":"https:\/\/pallotynisandomierz.pl\/index.php\/wp-json\/wp\/v2\/tags?post=5920"}],"curies":[{"name":"wp","href":"https:\/\/api.w.org\/{rel}","templated":true}]}}