{"id":6102,"date":"2026-09-01T12:38:41","date_gmt":"2026-09-01T10:38:41","guid":{"rendered":"https:\/\/pallotynisandomierz.pl\/?p=6102"},"modified":"2026-09-01T16:18:58","modified_gmt":"2026-09-01T14:18:58","slug":"komunia-swieta-i-bierzmowanie","status":"publish","type":"post","link":"https:\/\/pallotynisandomierz.pl\/index.php\/2026\/09\/01\/komunia-swieta-i-bierzmowanie\/","title":{"rendered":"PIERWSZA KOMUNIA \u015aWI\u0118TA I BIERZMOWANIE"},"content":{"rendered":"\t\t<div data-elementor-type=\"wp-post\" data-elementor-id=\"6102\" class=\"elementor elementor-6102\">\n\t\t\t\t\t\t<section class=\"elementor-section elementor-top-section elementor-element elementor-element-7a97292 elementor-section-boxed elementor-section-height-default elementor-section-height-default\" data-id=\"7a97292\" data-element_type=\"section\">\n\t\t\t\t\t\t<div class=\"elementor-container elementor-column-gap-default\">\n\t\t\t\t\t<div class=\"elementor-column elementor-col-50 elementor-top-column elementor-element elementor-element-2b92a43\" data-id=\"2b92a43\" data-element_type=\"column\">\n\t\t\t<div class=\"elementor-widget-wrap elementor-element-populated\">\n\t\t\t\t\t\t<div class=\"elementor-element elementor-element-6d660f9 elementor-widget elementor-widget-image\" data-id=\"6d660f9\" data-element_type=\"widget\" data-widget_type=\"image.default\">\n\t\t\t\t<div class=\"elementor-widget-container\">\n\t\t\t\t\t\t\t\t\t\t\t\t\t<img fetchpriority=\"high\" decoding=\"async\" width=\"960\" height=\"638\" src=\"https:\/\/pallotynisandomierz.pl\/wp-content\/uploads\/2023\/09\/gf-sYHK-KR97-NHJt_pierwsza-komunia-swieta-dlaczego-zapominamy-o-istocie-tego-wydarzenia-1920x1080-nocrop-1024x681.jpg\" class=\"attachment-large size-large wp-image-2484\" alt=\"\" srcset=\"https:\/\/pallotynisandomierz.pl\/wp-content\/uploads\/2023\/09\/gf-sYHK-KR97-NHJt_pierwsza-komunia-swieta-dlaczego-zapominamy-o-istocie-tego-wydarzenia-1920x1080-nocrop-1024x681.jpg 1024w, https:\/\/pallotynisandomierz.pl\/wp-content\/uploads\/2023\/09\/gf-sYHK-KR97-NHJt_pierwsza-komunia-swieta-dlaczego-zapominamy-o-istocie-tego-wydarzenia-1920x1080-nocrop-600x399.jpg 600w, https:\/\/pallotynisandomierz.pl\/wp-content\/uploads\/2023\/09\/gf-sYHK-KR97-NHJt_pierwsza-komunia-swieta-dlaczego-zapominamy-o-istocie-tego-wydarzenia-1920x1080-nocrop-300x199.jpg 300w, https:\/\/pallotynisandomierz.pl\/wp-content\/uploads\/2023\/09\/gf-sYHK-KR97-NHJt_pierwsza-komunia-swieta-dlaczego-zapominamy-o-istocie-tego-wydarzenia-1920x1080-nocrop-768x510.jpg 768w, https:\/\/pallotynisandomierz.pl\/wp-content\/uploads\/2023\/09\/gf-sYHK-KR97-NHJt_pierwsza-komunia-swieta-dlaczego-zapominamy-o-istocie-tego-wydarzenia-1920x1080-nocrop-1536x1021.jpg 1536w, https:\/\/pallotynisandomierz.pl\/wp-content\/uploads\/2023\/09\/gf-sYHK-KR97-NHJt_pierwsza-komunia-swieta-dlaczego-zapominamy-o-istocie-tego-wydarzenia-1920x1080-nocrop-1140x758.jpg 1140w, https:\/\/pallotynisandomierz.pl\/wp-content\/uploads\/2023\/09\/gf-sYHK-KR97-NHJt_pierwsza-komunia-swieta-dlaczego-zapominamy-o-istocie-tego-wydarzenia-1920x1080-nocrop.jpg 1920w\" sizes=\"(max-width: 960px) 100vw, 960px\" \/>\t\t\t\t\t\t\t\t\t\t\t\t\t<\/div>\n\t\t\t\t<\/div>\n\t\t\t\t\t<\/div>\n\t\t<\/div>\n\t\t\t\t<div class=\"elementor-column elementor-col-50 elementor-top-column elementor-element elementor-element-47438b8\" data-id=\"47438b8\" data-element_type=\"column\">\n\t\t\t<div class=\"elementor-widget-wrap elementor-element-populated\">\n\t\t\t\t\t\t<div class=\"elementor-element elementor-element-260ef18c elementor-widget elementor-widget-text-editor\" data-id=\"260ef18c\" data-element_type=\"widget\" data-widget_type=\"text-editor.default\">\n\t\t\t\t<div class=\"elementor-widget-container\">\n\t\t\t\t\t\t\t<p><!-- wp:paragraph --><\/p>\n<p><span style=\"color: #000000;\"><strong>ZAPISY DZIECI DO PRZYJ\u0118CIA SAKRAMENT\u00d3W:<br \/><br \/><\/strong><\/span><\/p>\n<ul>\n<li><span style=\"color: #000000;\">PIERWSZEJ KOMUNII \u015aWI\u0118TEJ<\/span><\/li>\n<li><span style=\"color: #000000;\">BIERZMOWANIA (uczniowie 7 klasy szko\u0142y podstawowej)<\/span><\/li>\n<\/ul>\n<p><span style=\"color: #000000;\">Od 6 wrze\u015bnia w zakrystii lub kancelarii.<\/span><\/p>\n<p>\u00a0<\/p>\n<p><span style=\"color: #000000;\"><strong>Pierwsze spotkanie dla kandydat\u00f3w do bierzmowania z klas \u00f3smych w pi\u0105tek 18 wrze\u015bnia o 18.45<\/strong><\/span><\/p>\n<p><!-- \/wp:paragraph --><\/p>\t\t\t\t\t\t<\/div>\n\t\t\t\t<\/div>\n\t\t\t\t\t<\/div>\n\t\t<\/div>\n\t\t\t\t\t<\/div>\n\t\t<\/section>\n\t\t\t\t<\/div>\n\t\t","protected":false},"excerpt":{"rendered":"<p>ZAPISY DZIECI DO PRZYJ\u0118CIA SAKRAMENT\u00d3W: PIERWSZEJ KOMUNII \u015aWI\u0118TEJ BIERZMOWANIA (uczniowie 7 klasy szko\u0142y podstawowej) Od 6 wrze\u015bnia w zakrystii lub kancelarii. \u00a0 Pierwsze spotkanie dla kandydat\u00f3w do bierzmowania z klas \u00f3smych w pi\u0105tek 18 wrze\u015bnia o 18.45<\/p>\n","protected":false},"author":1,"featured_media":2484,"comment_status":"closed","ping_status":"closed","sticky":true,"template":"","format":"standard","meta":{"_eb_attr":"","ngg_post_thumbnail":0,"footnotes":""},"categories":[1],"tags":[],"_links":{"self":[{"href":"https:\/\/pallotynisandomierz.pl\/index.php\/wp-json\/wp\/v2\/posts\/6102"}],"collection":[{"href":"https:\/\/pallotynisandomierz.pl\/index.php\/wp-json\/wp\/v2\/posts"}],"about":[{"href":"https:\/\/pallotynisandomierz.pl\/index.php\/wp-json\/wp\/v2\/types\/post"}],"author":[{"embeddable":true,"href":"https:\/\/pallotynisandomierz.pl\/index.php\/wp-json\/wp\/v2\/users\/1"}],"replies":[{"embeddable":true,"href":"https:\/\/pallotynisandomierz.pl\/index.php\/wp-json\/wp\/v2\/comments?post=6102"}],"version-history":[{"count":10,"href":"https:\/\/pallotynisandomierz.pl\/index.php\/wp-json\/wp\/v2\/posts\/6102\/revisions"}],"predecessor-version":[{"id":6433,"href":"https:\/\/pallotynisandomierz.pl\/index.php\/wp-json\/wp\/v2\/posts\/6102\/revisions\/6433"}],"wp:featuredmedia":[{"embeddable":true,"href":"https:\/\/pallotynisandomierz.pl\/index.php\/wp-json\/wp\/v2\/media\/2484"}],"wp:attachment":[{"href":"https:\/\/pallotynisandomierz.pl\/index.php\/wp-json\/wp\/v2\/media?parent=6102"}],"wp:term":[{"taxonomy":"category","embeddable":true,"href":"https:\/\/pallotynisandomierz.pl\/index.php\/wp-json\/wp\/v2\/categories?post=6102"},{"taxonomy":"post_tag","embeddable":true,"href":"https:\/\/pallotynisandomierz.pl\/index.php\/wp-json\/wp\/v2\/tags?post=6102"}],"curies":[{"name":"wp","href":"https:\/\/api.w.org\/{rel}","templated":true}]}}